{"id":1225,"date":"2025-03-18T10:53:52","date_gmt":"2025-03-18T10:53:52","guid":{"rendered":"https:\/\/healthcare.ose.be\/?p=1225"},"modified":"2025-09-26T09:36:19","modified_gmt":"2025-09-26T07:36:19","slug":"briefing-1","status":"publish","type":"post","link":"https:\/\/healthcare.ose.be\/fr\/briefing-1\/","title":{"rendered":"Priorit\u00e9s europ\u00e9ennes en mati\u00e8re de soins de sant\u00e9 - No.1"},"content":{"rendered":"<h3 class=\"wp-block-heading\">Synth\u00e8se semestrielle - Janvier 2025<\/h3>\n\n\n\n<p><strong>Cette s\u00e9rie de synth\u00e8ses propose, tous les six mois, un aper\u00e7u des priorit\u00e9s mises \u00e0 l\u2019agenda de l\u2019Union europ\u00e9enne susceptibles d\u2019avoir un impact sur les syst\u00e8mes de soins de sant\u00e9 et d\u2019assurance maladie des \u00c9tats membres<\/strong>. Si l\u2019organisation, le financement et la prestation des soins de sant\u00e9 rel\u00e8vent de la comp\u00e9tence des \u00c9tats membres, l\u2019Union europ\u00e9enne peut orienter et soutenir les strat\u00e9gies dans ce domaine, non seulement par sa politique de sant\u00e9 \u00e0 proprement parler, mais aussi par les politiques sociales et de l\u2019emploi, les politiques \u00e9conomiques, de recherche et d\u2019innovation, les politiques de r\u00e9gulation du march\u00e9 int\u00e9rieur, sans compter ses instruments de financement. C\u2019est la raison pour laquelle sont pr\u00e9sent\u00e9es les principales priorit\u00e9s fix\u00e9es dans la politique europ\u00e9enne de sant\u00e9 et, le cas \u00e9ch\u00e9ant, dans les autres domaines. L\u2019accent est mis sur la position des \u00c9tats membres au niveau europ\u00e9en par le suivi des travaux de la Pr\u00e9sidence tournante du Conseil de l\u2019Union europ\u00e9enne, ainsi que sur les nouvelles strat\u00e9gies propos\u00e9es par la Commission europ\u00e9enne.<\/p>\n\n\n\n<p><strong>Cette synth\u00e8se se concentre sur le deuxi\u00e8me semestre 2024<\/strong>, en analysant d\u2019abord les travaux de la Pr\u00e9sidence hongroise du Conseil de l\u2019Union europ\u00e9enne, puis les priorit\u00e9s fix\u00e9es par la Commission europ\u00e9enne. Elle se termine par la pr\u00e9sentation du programme pr\u00e9vu pour le premier semestre 2025 par la Pr\u00e9sidence polonaise du Conseil.<\/p>\n\n\n\n\n\n<div data-wp-interactive=\"core\/file\" class=\"wp-block-file\"><object data-wp-bind--hidden=\"!state.hasPdfPreview\" hidden class=\"wp-block-file__embed\" data=\"https:\/\/healthcare.ose.be\/wp-content\/uploads\/2025\/03\/OSE_briefing01_2024S2_FR_vf-1.pdf\" type=\"application\/pdf\" style=\"width:100%;height:600px\" aria-label=\"Contenu embarqu\u00e9 OSE_briefing01_2024S2_FR_vf.\"><\/object><a id=\"wp-block-file--media-2e01378e-577e-4f1f-9743-209d973d514d\" href=\"https:\/\/healthcare.ose.be\/wp-content\/uploads\/2025\/03\/OSE_briefing01_2024S2_FR_vf-1.pdf\" target=\"_blank\" rel=\"noreferrer noopener\">Note de synth\u00e8se n\u00b0 1 - Janvier 2025<\/a><a href=\"https:\/\/healthcare.ose.be\/wp-content\/uploads\/2025\/03\/OSE_briefing01_2024S2_FR_vf-1.pdf\" class=\"wp-block-file__button wp-element-button\" download aria-describedby=\"wp-block-file--media-2e01378e-577e-4f1f-9743-209d973d514d\">T\u00e9l\u00e9charger<\/a><\/div>\n\n\n\n\n\n<p><\/p>\n\n\n\n<p><\/p>","protected":false},"excerpt":{"rendered":"<p><strong>N\u00b01 - Avril 2025<\/strong><\/p>\n<p>Tous les six mois, cette s\u00e9rie de briefings fournit un r\u00e9sum\u00e9 des priorit\u00e9s.<\/p>","protected":false},"author":1,"featured_media":0,"comment_status":"closed","ping_status":"closed","sticky":false,"template":"","format":"standard","meta":{"_acf_changed":false,"footnotes":""},"categories":[56],"tags":[],"class_list":["post-1225","post","type-post","status-publish","format-standard","hentry","category-documents"],"acf":[],"_links":{"self":[{"href":"https:\/\/healthcare.ose.be\/fr\/wp-json\/wp\/v2\/posts\/1225","targetHints":{"allow":["GET"]}}],"collection":[{"href":"https:\/\/healthcare.ose.be\/fr\/wp-json\/wp\/v2\/posts"}],"about":[{"href":"https:\/\/healthcare.ose.be\/fr\/wp-json\/wp\/v2\/types\/post"}],"author":[{"embeddable":true,"href":"https:\/\/healthcare.ose.be\/fr\/wp-json\/wp\/v2\/users\/1"}],"replies":[{"embeddable":true,"href":"https:\/\/healthcare.ose.be\/fr\/wp-json\/wp\/v2\/comments?post=1225"}],"version-history":[{"count":44,"href":"https:\/\/healthcare.ose.be\/fr\/wp-json\/wp\/v2\/posts\/1225\/revisions"}],"predecessor-version":[{"id":2709,"href":"https:\/\/healthcare.ose.be\/fr\/wp-json\/wp\/v2\/posts\/1225\/revisions\/2709"}],"wp:attachment":[{"href":"https:\/\/healthcare.ose.be\/fr\/wp-json\/wp\/v2\/media?parent=1225"}],"wp:term":[{"taxonomy":"category","embeddable":true,"href":"https:\/\/healthcare.ose.be\/fr\/wp-json\/wp\/v2\/categories?post=1225"},{"taxonomy":"post_tag","embeddable":true,"href":"https:\/\/healthcare.ose.be\/fr\/wp-json\/wp\/v2\/tags?post=1225"}],"curies":[{"name":"wp","href":"https:\/\/api.w.org\/{rel}","templated":true}]}}